{"id":921785,"date":"2025-12-22T07:53:42","date_gmt":"2025-12-22T12:53:42","guid":{"rendered":"https:\/\/www.marketnewsdesk.com\/index.php\/otis-delivers-vertical-mobility-for-montreals-rem-light-metro-transit\/"},"modified":"2025-12-22T07:53:42","modified_gmt":"2025-12-22T12:53:42","slug":"otis-delivers-vertical-mobility-for-montreals-rem-light-metro-transit","status":"publish","type":"post","link":"https:\/\/www.marketnewsdesk.com\/index.php\/otis-delivers-vertical-mobility-for-montreals-rem-light-metro-transit\/","title":{"rendered":"Otis Delivers Vertical Mobility for Montreal&#8217;s REM Light Metro Transit"},"content":{"rendered":"<div class=\"xn-newslines\">\n<p class=\"xn-distributor\">PR Newswire<\/p>\n<\/p><\/div>\n<div class=\"xn-content\">\n<p class=\"prntac\">\n        <i>Customized elevator and escalator solutions designed to deliver safe and reliable access to this one-of-a-kind driverless transit system<\/i>\n      <\/p>\n<p>\n        <span class=\"legendSpanClass\">MONTREAL<\/span>, <span class=\"legendSpanClass\">Dec. 22, 2025<\/span> \/PRNewswire\/ &#8212;\u00a0<a href=\"https:\/\/edge.prnewswire.com\/c\/link\/?t=0&amp;l=en&amp;o=4584986-1&amp;h=1697183160&amp;u=http%3A%2F%2Fwww.otis.com%2F&amp;a=Otis\" target=\"_blank\" rel=\"nofollow\">Otis<\/a> (NYSE: OTIS), the world&#8217;s leading elevator and escalator manufacturing, installation and service company, has completed a landmark installation at the R\u00e9seau Express M\u00e9tropolitain (REM) light metro transit in Montr\u00e9al. This transformative project was designed to connect communities across Greater Montr\u00e9al and offer safe, reliable and accessible transportation across the city.<\/p>\n<div class=\"PRN_ImbeddedAssetReference\" id=\"DivAssetPlaceHolder1\">\n<p>\n          <a href=\"https:\/\/mma.prnewswire.com\/media\/2849961\/Otis_provided_22_escalators_and_57_custom_elevators_for_the_REM.html\" target=\"_blank\" rel=\"nofollow\"><br \/>\n            <img decoding=\"async\" src=\"https:\/\/mma.prnewswire.com\/media\/2849961\/Otis_provided_22_escalators_and_57_custom_elevators_for_the_REM.jpg\" title=\"Otis provided 22 escalators and 57 custom elevators for the R\u00e9seau Express M\u00e9tropolitain (REM) light metro transit in Montr\u00e9al.\" alt=\"Otis provided 22 escalators and 57 custom elevators for the R\u00e9seau Express M\u00e9tropolitain (REM) light metro transit in Montr\u00e9al.\" \/><br \/>\n          <\/a>\n        <\/p>\n<\/p><\/div>\n<p>\n        <b>What is the REM project?<\/b>\n      <\/p>\n<p>The REM is a fully electric light metro network spanning 67 kilometers and 26 stations, linking the South Shore, North Shore, West Island, downtown Montr\u00e9al, and later Montr\u00e9al-Trudeau International Airport. It is designed to facilitate mobility across the Greater Montr\u00e9al Region and is the largest mass transit project in Qu\u00e9bec Province in the last 50 years. Once complete, the new metro network will accommodate up to 150,000 daily passages, and help create energy savings and greenhouse gas emissions reductions, according to its developers.<\/p>\n<p>\n        <b>How many elevators and escalators did Otis install?<\/b>\n      <\/p>\n<p>Otis provided 22 escalators and 57 custom elevators, including Gen2\u00ae elevators, engineered to meet the unique requirements of each station.<\/p>\n<p>Otis <a href=\"https:\/\/edge.prnewswire.com\/c\/link\/?t=0&amp;l=en&amp;o=4584986-1&amp;h=1002797443&amp;u=https%3A%2F%2Fwww.otis.com%2Fen%2Fus%2Fproducts-services%2Fproducts%2Fescalators-and-moving-walks%2Fpublic-escalator&amp;a=Public+Escalators\" target=\"_blank\" rel=\"nofollow\">Public Escalators<\/a> are designed to meet the extreme and varied demands of public spaces such as airports, metros and busy transport hubs.<\/p>\n<p>Otis <a href=\"https:\/\/edge.prnewswire.com\/c\/link\/?t=0&amp;l=en&amp;o=4584986-1&amp;h=1861870948&amp;u=https%3A%2F%2Fwww.otis.com%2Fen%2Fus%2Fproducts-services%2Fproducts%2Fgen2&amp;a=Gen2+elevators\" target=\"_blank\" rel=\"nofollow\">Gen2 elevators<\/a> revolutionized the elevator industry with patented steel-coated belts and a space-saving design, quiet ride and energy-efficient operation. The REM elevators feature glass elevator cabs framed in precision-engineered steel, delivering a sleek, modern look while offering durability and safety for high-traffic environments.<\/p>\n<p>Aligned with REM&#8217;s sustainability goals, energy-saving features include Otis ReGen drives on the elevators and escalators, which feed energy back into the grid.<\/p>\n<p>Otis also secured a 5-year Service contract for the elevators and escalators, with maintenance and testing performed outside regular business hours by resident mechanics and increased support during peak times to maximize performance and limit inconvenience to passengers.<\/p>\n<p>\n        <b>How did Otis customize the elevators and escalators?<\/b>\n      <\/p>\n<p>For real-time monitoring and automated passenger evacuation during emergencies, Otis engineered a customized solution to integrate seamlessly with REM&#8217;s centralized command and communications network. This included adapting Otis systems to work with SCADA (Supervisory Control and Data Acquisition), an industrial control system that monitors and manages infrastructure in real time and supports the driverless light metro transit system.<\/p>\n<p>&#8220;This project was all about delivering custom solutions that met REM&#8217;s vision for this ambitious one-of-a-kind transit,&#8221; said Leo Pizzi, Otis New Equipment Manager in Montr\u00e9al. &#8220;Through close collaboration and unwavering commitment, we ensured every milestone was met with the quality our customers expect.&#8221;<\/p>\n<p>\n        <b>How does Otis support accessibility and safety?<\/b>\n      <\/p>\n<p>Otis elevators and escalators are designed for barrier-free access, with wide doors and spacious cabins to accommodate wheelchairs, strollers and passengers with reduced mobility. Bilingual displays and screens provide real-time status updates, enhancing safety, convenience and a smooth journey for French- and English-speaking passengers. The system&#8217;s advanced logic enables remote supervision, so system administrators can receive alerts and monitor elevator and escalator performance in real time to address potential issues and limit disruption times.<\/p>\n<p>\n        <b>What is the mobility impact of Otis&#8217; work on REM?<\/b>\n      <\/p>\n<p>Beyond accessibility, the project aimed to shorten commute times and improve the overall passenger experience. By integrating these solutions into station design, Otis helped create a seamless and safe environment, moving passengers to their destinations.<\/p>\n<p>To learn more about Otis&#8217;s solutions for transit infrastructure, visit the <a href=\"https:\/\/edge.prnewswire.com\/c\/link\/?t=0&amp;l=en&amp;o=4584986-1&amp;h=2566628276&amp;u=https%3A%2F%2Fwww.otis.com%2Fen%2Fus%2Fproducts-services%2Findustry%2Fairports-railways-metro-subways&amp;a=Airports%2C+Railways%2C+Metros+and+Subways\" target=\"_blank\" rel=\"nofollow\">Airports, Railways, Metros and Subways<\/a> page.<\/p>\n<p>\n        <b>About Otis<\/b>\n      <\/p>\n<p>Otis gives people freedom to connect and thrive in a taller, faster, smarter world. The global leader in the manufacture, installation, and servicing of elevators and escalators, Otis moves 2.4 billion people a day and maintains approximately 2.4 million customer units worldwide. Headquartered in Connecticut, USA, Otis is 72,000 people strong, including 44,000 field professionals, all committed to meeting the diverse needs of customers and passengers in more than 200 countries and territories. To learn more, visit <u><a href=\"https:\/\/edge.prnewswire.com\/c\/link\/?t=0&amp;l=en&amp;o=4584986-1&amp;h=395912118&amp;u=http%3A%2F%2Fwww.otis.com%2F&amp;a=www.otis.com\" target=\"_blank\" rel=\"nofollow\">www.otis.com<\/a><\/u> and follow us on <u><a href=\"https:\/\/edge.prnewswire.com\/c\/link\/?t=0&amp;l=en&amp;o=4584986-1&amp;h=3760922579&amp;u=https%3A%2F%2Fwww.linkedin.com%2Fcompany%2Fotis_elevators&amp;a=LinkedIn\" target=\"_blank\" rel=\"nofollow\">LinkedIn<\/a><\/u>, <u><a href=\"https:\/\/edge.prnewswire.com\/c\/link\/?t=0&amp;l=en&amp;o=4584986-1&amp;h=2206289729&amp;u=https%3A%2F%2Fwww.youtube.com%2F%40OtisElevatorCo&amp;a=YouTube\" target=\"_blank\" rel=\"nofollow\">YouTube<\/a><\/u>, <u><a href=\"https:\/\/edge.prnewswire.com\/c\/link\/?t=0&amp;l=en&amp;o=4584986-1&amp;h=2145781890&amp;u=http%3A%2F%2Fwww.instagram.com%2Fotiselevatorco&amp;a=Instagram\" target=\"_blank\" rel=\"nofollow\">Instagram<\/a><\/u>\u00a0and <u><a href=\"https:\/\/edge.prnewswire.com\/c\/link\/?t=0&amp;l=en&amp;o=4584986-1&amp;h=2498211608&amp;u=http%3A%2F%2Fwww.facebook.com%2Fotiselevatorco&amp;a=Facebook\" target=\"_blank\" rel=\"nofollow\">Facebook<\/a><\/u>\u00a0@OtisElevatorCo.<\/p>\n<p>Media Contact:<br \/>Ed Jacovino<br \/><a href=\"mailto:Edward.Jacovino@otis.com\" target=\"_blank\" rel=\"nofollow\">Edward.Jacovino@otis.com<\/a><br \/>+1 860-674-3351<\/p>\n<p id=\"PURL\">\n        <img loading=\"lazy\" decoding=\"async\" title=\"Cision\" width=\"12\" height=\"12\" alt=\"Cision\" src=\"https:\/\/edge.prnewswire.com\/c\/img\/favicon.png?sn=NE52096&amp;sd=2025-12-22\" \/> View original content to download multimedia:<a id=\"PRNURL\" rel=\"nofollow\" href=\"https:\/\/www.prnewswire.com\/news-releases\/otis-delivers-vertical-mobility-for-montreals-rem-light-metro-transit-302647666.html\" target=\"_blank\">https:\/\/www.prnewswire.com\/news-releases\/otis-delivers-vertical-mobility-for-montreals-rem-light-metro-transit-302647666.html<\/a><\/p>\n<p>SOURCE Otis Worldwide Corporation<\/p>\n<\/p><\/div>\n<p>    <img decoding=\"async\" alt=\"\" src=\"https:\/\/rt.prnewswire.com\/rt.gif?NewsItemId=NE52096&amp;Transmission_Id=202512220730PR_NEWS_USPR_____NE52096&amp;DateId=20251222\" style=\"border:0px;width:1px;height:1px\" \/><\/p>\n","protected":false},"excerpt":{"rendered":"<p>PR Newswire Customized elevator and escalator solutions designed to deliver safe and reliable access to this one-of-a-kind driverless transit system MONTREAL, Dec. 22, 2025 \/PRNewswire\/ &#8212;\u00a0Otis (NYSE: OTIS), the world&#8217;s leading elevator and escalator manufacturing, installation and service company, has completed a landmark installation at the R\u00e9seau Express M\u00e9tropolitain (REM) light metro transit in Montr\u00e9al. This transformative project was designed to connect communities across Greater Montr\u00e9al and offer safe, reliable and accessible transportation across the city. What is the REM project? The REM is a fully electric light metro network spanning 67 kilometers and 26 stations, linking the South Shore, North Shore, West Island, downtown Montr\u00e9al, and later Montr\u00e9al-Trudeau International Airport. It is designed to facilitate mobility across the Greater &hellip; <\/p>\n<p class=\"link-more\"><a href=\"https:\/\/www.marketnewsdesk.com\/index.php\/otis-delivers-vertical-mobility-for-montreals-rem-light-metro-transit\/\" class=\"more-link\">Continue reading<span class=\"screen-reader-text\"> &#8220;Otis Delivers Vertical Mobility for Montreal&#8217;s REM Light Metro Transit&#8221;<\/span><\/a><\/p>\n","protected":false},"author":2,"featured_media":0,"comment_status":"closed","ping_status":"closed","sticky":false,"template":"","format":"standard","meta":{"footnotes":""},"categories":[],"tags":[],"class_list":["post-921785","post","type-post","status-publish","format-standard","hentry"],"yoast_head":"<!-- This site is optimized with the Yoast SEO plugin v27.5 - https:\/\/yoast.com\/product\/yoast-seo-wordpress\/ -->\n<title>Otis Delivers Vertical Mobility for Montreal&#039;s REM Light Metro Transit - Market Newsdesk<\/title>\n<meta name=\"robots\" content=\"index, follow, max-snippet:-1, max-image-preview:large, max-video-preview:-1\" \/>\n<link rel=\"canonical\" href=\"https:\/\/www.marketnewsdesk.com\/index.php\/otis-delivers-vertical-mobility-for-montreals-rem-light-metro-transit\/\" \/>\n<meta property=\"og:locale\" content=\"en_US\" \/>\n<meta property=\"og:type\" content=\"article\" \/>\n<meta property=\"og:title\" content=\"Otis Delivers Vertical Mobility for Montreal&#039;s REM Light Metro Transit - Market Newsdesk\" \/>\n<meta property=\"og:description\" content=\"PR Newswire Customized elevator and escalator solutions designed to deliver safe and reliable access to this one-of-a-kind driverless transit system MONTREAL, Dec. 22, 2025 \/PRNewswire\/ &#8212;\u00a0Otis (NYSE: OTIS), the world&#8217;s leading elevator and escalator manufacturing, installation and service company, has completed a landmark installation at the R\u00e9seau Express M\u00e9tropolitain (REM) light metro transit in Montr\u00e9al. This transformative project was designed to connect communities across Greater Montr\u00e9al and offer safe, reliable and accessible transportation across the city. What is the REM project? The REM is a fully electric light metro network spanning 67 kilometers and 26 stations, linking the South Shore, North Shore, West Island, downtown Montr\u00e9al, and later Montr\u00e9al-Trudeau International Airport. It is designed to facilitate mobility across the Greater &hellip; Continue reading &quot;Otis Delivers Vertical Mobility for Montreal&#8217;s REM Light Metro Transit&quot;\" \/>\n<meta property=\"og:url\" content=\"https:\/\/www.marketnewsdesk.com\/index.php\/otis-delivers-vertical-mobility-for-montreals-rem-light-metro-transit\/\" \/>\n<meta property=\"og:site_name\" content=\"Market Newsdesk\" \/>\n<meta property=\"article:published_time\" content=\"2025-12-22T12:53:42+00:00\" \/>\n<meta property=\"og:image\" content=\"https:\/\/mma.prnewswire.com\/media\/2849961\/Otis_provided_22_escalators_and_57_custom_elevators_for_the_REM.jpg\" \/>\n<meta name=\"author\" content=\"Newsdesk\" \/>\n<meta name=\"twitter:card\" content=\"summary_large_image\" \/>\n<meta name=\"twitter:label1\" content=\"Written by\" \/>\n\t<meta name=\"twitter:data1\" content=\"Newsdesk\" \/>\n\t<meta name=\"twitter:label2\" content=\"Est. reading time\" \/>\n\t<meta name=\"twitter:data2\" content=\"3 minutes\" \/>\n<script type=\"application\/ld+json\" class=\"yoast-schema-graph\">{\"@context\":\"https:\\\/\\\/schema.org\",\"@graph\":[{\"@type\":\"Article\",\"@id\":\"https:\\\/\\\/www.marketnewsdesk.com\\\/index.php\\\/otis-delivers-vertical-mobility-for-montreals-rem-light-metro-transit\\\/#article\",\"isPartOf\":{\"@id\":\"https:\\\/\\\/www.marketnewsdesk.com\\\/index.php\\\/otis-delivers-vertical-mobility-for-montreals-rem-light-metro-transit\\\/\"},\"author\":{\"name\":\"Newsdesk\",\"@id\":\"https:\\\/\\\/www.marketnewsdesk.com\\\/#\\\/schema\\\/person\\\/482f27a394d4fda80ecb5499e519d979\"},\"headline\":\"Otis Delivers Vertical Mobility for Montreal&#8217;s REM Light Metro Transit\",\"datePublished\":\"2025-12-22T12:53:42+00:00\",\"mainEntityOfPage\":{\"@id\":\"https:\\\/\\\/www.marketnewsdesk.com\\\/index.php\\\/otis-delivers-vertical-mobility-for-montreals-rem-light-metro-transit\\\/\"},\"wordCount\":699,\"image\":{\"@id\":\"https:\\\/\\\/www.marketnewsdesk.com\\\/index.php\\\/otis-delivers-vertical-mobility-for-montreals-rem-light-metro-transit\\\/#primaryimage\"},\"thumbnailUrl\":\"https:\\\/\\\/mma.prnewswire.com\\\/media\\\/2849961\\\/Otis_provided_22_escalators_and_57_custom_elevators_for_the_REM.jpg\",\"inLanguage\":\"en-US\"},{\"@type\":\"WebPage\",\"@id\":\"https:\\\/\\\/www.marketnewsdesk.com\\\/index.php\\\/otis-delivers-vertical-mobility-for-montreals-rem-light-metro-transit\\\/\",\"url\":\"https:\\\/\\\/www.marketnewsdesk.com\\\/index.php\\\/otis-delivers-vertical-mobility-for-montreals-rem-light-metro-transit\\\/\",\"name\":\"Otis Delivers Vertical Mobility for Montreal's REM Light Metro Transit - Market Newsdesk\",\"isPartOf\":{\"@id\":\"https:\\\/\\\/www.marketnewsdesk.com\\\/#website\"},\"primaryImageOfPage\":{\"@id\":\"https:\\\/\\\/www.marketnewsdesk.com\\\/index.php\\\/otis-delivers-vertical-mobility-for-montreals-rem-light-metro-transit\\\/#primaryimage\"},\"image\":{\"@id\":\"https:\\\/\\\/www.marketnewsdesk.com\\\/index.php\\\/otis-delivers-vertical-mobility-for-montreals-rem-light-metro-transit\\\/#primaryimage\"},\"thumbnailUrl\":\"https:\\\/\\\/mma.prnewswire.com\\\/media\\\/2849961\\\/Otis_provided_22_escalators_and_57_custom_elevators_for_the_REM.jpg\",\"datePublished\":\"2025-12-22T12:53:42+00:00\",\"author\":{\"@id\":\"https:\\\/\\\/www.marketnewsdesk.com\\\/#\\\/schema\\\/person\\\/482f27a394d4fda80ecb5499e519d979\"},\"breadcrumb\":{\"@id\":\"https:\\\/\\\/www.marketnewsdesk.com\\\/index.php\\\/otis-delivers-vertical-mobility-for-montreals-rem-light-metro-transit\\\/#breadcrumb\"},\"inLanguage\":\"en-US\",\"potentialAction\":[{\"@type\":\"ReadAction\",\"target\":[\"https:\\\/\\\/www.marketnewsdesk.com\\\/index.php\\\/otis-delivers-vertical-mobility-for-montreals-rem-light-metro-transit\\\/\"]}]},{\"@type\":\"ImageObject\",\"inLanguage\":\"en-US\",\"@id\":\"https:\\\/\\\/www.marketnewsdesk.com\\\/index.php\\\/otis-delivers-vertical-mobility-for-montreals-rem-light-metro-transit\\\/#primaryimage\",\"url\":\"https:\\\/\\\/mma.prnewswire.com\\\/media\\\/2849961\\\/Otis_provided_22_escalators_and_57_custom_elevators_for_the_REM.jpg\",\"contentUrl\":\"https:\\\/\\\/mma.prnewswire.com\\\/media\\\/2849961\\\/Otis_provided_22_escalators_and_57_custom_elevators_for_the_REM.jpg\"},{\"@type\":\"BreadcrumbList\",\"@id\":\"https:\\\/\\\/www.marketnewsdesk.com\\\/index.php\\\/otis-delivers-vertical-mobility-for-montreals-rem-light-metro-transit\\\/#breadcrumb\",\"itemListElement\":[{\"@type\":\"ListItem\",\"position\":1,\"name\":\"Home\",\"item\":\"https:\\\/\\\/www.marketnewsdesk.com\\\/\"},{\"@type\":\"ListItem\",\"position\":2,\"name\":\"Otis Delivers Vertical Mobility for Montreal&#8217;s REM Light Metro Transit\"}]},{\"@type\":\"WebSite\",\"@id\":\"https:\\\/\\\/www.marketnewsdesk.com\\\/#website\",\"url\":\"https:\\\/\\\/www.marketnewsdesk.com\\\/\",\"name\":\"Market Newsdesk\",\"description\":\"Latest Business News in Real Time\",\"potentialAction\":[{\"@type\":\"SearchAction\",\"target\":{\"@type\":\"EntryPoint\",\"urlTemplate\":\"https:\\\/\\\/www.marketnewsdesk.com\\\/?s={search_term_string}\"},\"query-input\":{\"@type\":\"PropertyValueSpecification\",\"valueRequired\":true,\"valueName\":\"search_term_string\"}}],\"inLanguage\":\"en-US\"},{\"@type\":\"Person\",\"@id\":\"https:\\\/\\\/www.marketnewsdesk.com\\\/#\\\/schema\\\/person\\\/482f27a394d4fda80ecb5499e519d979\",\"name\":\"Newsdesk\",\"image\":{\"@type\":\"ImageObject\",\"inLanguage\":\"en-US\",\"@id\":\"https:\\\/\\\/secure.gravatar.com\\\/avatar\\\/a0d0bd5b0f0ca12a265a459b13169dac35f33776d8501eda5e68844a366f2f46?s=96&d=mm&r=g\",\"url\":\"https:\\\/\\\/secure.gravatar.com\\\/avatar\\\/a0d0bd5b0f0ca12a265a459b13169dac35f33776d8501eda5e68844a366f2f46?s=96&d=mm&r=g\",\"contentUrl\":\"https:\\\/\\\/secure.gravatar.com\\\/avatar\\\/a0d0bd5b0f0ca12a265a459b13169dac35f33776d8501eda5e68844a366f2f46?s=96&d=mm&r=g\",\"caption\":\"Newsdesk\"},\"url\":\"https:\\\/\\\/www.marketnewsdesk.com\\\/index.php\\\/author\\\/newsdesk\\\/\"}]}<\/script>\n<!-- \/ Yoast SEO plugin. -->","yoast_head_json":{"title":"Otis Delivers Vertical Mobility for Montreal's REM Light Metro Transit - Market Newsdesk","robots":{"index":"index","follow":"follow","max-snippet":"max-snippet:-1","max-image-preview":"max-image-preview:large","max-video-preview":"max-video-preview:-1"},"canonical":"https:\/\/www.marketnewsdesk.com\/index.php\/otis-delivers-vertical-mobility-for-montreals-rem-light-metro-transit\/","og_locale":"en_US","og_type":"article","og_title":"Otis Delivers Vertical Mobility for Montreal's REM Light Metro Transit - Market Newsdesk","og_description":"PR Newswire Customized elevator and escalator solutions designed to deliver safe and reliable access to this one-of-a-kind driverless transit system MONTREAL, Dec. 22, 2025 \/PRNewswire\/ &#8212;\u00a0Otis (NYSE: OTIS), the world&#8217;s leading elevator and escalator manufacturing, installation and service company, has completed a landmark installation at the R\u00e9seau Express M\u00e9tropolitain (REM) light metro transit in Montr\u00e9al. This transformative project was designed to connect communities across Greater Montr\u00e9al and offer safe, reliable and accessible transportation across the city. What is the REM project? The REM is a fully electric light metro network spanning 67 kilometers and 26 stations, linking the South Shore, North Shore, West Island, downtown Montr\u00e9al, and later Montr\u00e9al-Trudeau International Airport. It is designed to facilitate mobility across the Greater &hellip; Continue reading \"Otis Delivers Vertical Mobility for Montreal&#8217;s REM Light Metro Transit\"","og_url":"https:\/\/www.marketnewsdesk.com\/index.php\/otis-delivers-vertical-mobility-for-montreals-rem-light-metro-transit\/","og_site_name":"Market Newsdesk","article_published_time":"2025-12-22T12:53:42+00:00","og_image":[{"url":"https:\/\/mma.prnewswire.com\/media\/2849961\/Otis_provided_22_escalators_and_57_custom_elevators_for_the_REM.jpg","type":"","width":"","height":""}],"author":"Newsdesk","twitter_card":"summary_large_image","twitter_misc":{"Written by":"Newsdesk","Est. reading time":"3 minutes"},"schema":{"@context":"https:\/\/schema.org","@graph":[{"@type":"Article","@id":"https:\/\/www.marketnewsdesk.com\/index.php\/otis-delivers-vertical-mobility-for-montreals-rem-light-metro-transit\/#article","isPartOf":{"@id":"https:\/\/www.marketnewsdesk.com\/index.php\/otis-delivers-vertical-mobility-for-montreals-rem-light-metro-transit\/"},"author":{"name":"Newsdesk","@id":"https:\/\/www.marketnewsdesk.com\/#\/schema\/person\/482f27a394d4fda80ecb5499e519d979"},"headline":"Otis Delivers Vertical Mobility for Montreal&#8217;s REM Light Metro Transit","datePublished":"2025-12-22T12:53:42+00:00","mainEntityOfPage":{"@id":"https:\/\/www.marketnewsdesk.com\/index.php\/otis-delivers-vertical-mobility-for-montreals-rem-light-metro-transit\/"},"wordCount":699,"image":{"@id":"https:\/\/www.marketnewsdesk.com\/index.php\/otis-delivers-vertical-mobility-for-montreals-rem-light-metro-transit\/#primaryimage"},"thumbnailUrl":"https:\/\/mma.prnewswire.com\/media\/2849961\/Otis_provided_22_escalators_and_57_custom_elevators_for_the_REM.jpg","inLanguage":"en-US"},{"@type":"WebPage","@id":"https:\/\/www.marketnewsdesk.com\/index.php\/otis-delivers-vertical-mobility-for-montreals-rem-light-metro-transit\/","url":"https:\/\/www.marketnewsdesk.com\/index.php\/otis-delivers-vertical-mobility-for-montreals-rem-light-metro-transit\/","name":"Otis Delivers Vertical Mobility for Montreal's REM Light Metro Transit - Market Newsdesk","isPartOf":{"@id":"https:\/\/www.marketnewsdesk.com\/#website"},"primaryImageOfPage":{"@id":"https:\/\/www.marketnewsdesk.com\/index.php\/otis-delivers-vertical-mobility-for-montreals-rem-light-metro-transit\/#primaryimage"},"image":{"@id":"https:\/\/www.marketnewsdesk.com\/index.php\/otis-delivers-vertical-mobility-for-montreals-rem-light-metro-transit\/#primaryimage"},"thumbnailUrl":"https:\/\/mma.prnewswire.com\/media\/2849961\/Otis_provided_22_escalators_and_57_custom_elevators_for_the_REM.jpg","datePublished":"2025-12-22T12:53:42+00:00","author":{"@id":"https:\/\/www.marketnewsdesk.com\/#\/schema\/person\/482f27a394d4fda80ecb5499e519d979"},"breadcrumb":{"@id":"https:\/\/www.marketnewsdesk.com\/index.php\/otis-delivers-vertical-mobility-for-montreals-rem-light-metro-transit\/#breadcrumb"},"inLanguage":"en-US","potentialAction":[{"@type":"ReadAction","target":["https:\/\/www.marketnewsdesk.com\/index.php\/otis-delivers-vertical-mobility-for-montreals-rem-light-metro-transit\/"]}]},{"@type":"ImageObject","inLanguage":"en-US","@id":"https:\/\/www.marketnewsdesk.com\/index.php\/otis-delivers-vertical-mobility-for-montreals-rem-light-metro-transit\/#primaryimage","url":"https:\/\/mma.prnewswire.com\/media\/2849961\/Otis_provided_22_escalators_and_57_custom_elevators_for_the_REM.jpg","contentUrl":"https:\/\/mma.prnewswire.com\/media\/2849961\/Otis_provided_22_escalators_and_57_custom_elevators_for_the_REM.jpg"},{"@type":"BreadcrumbList","@id":"https:\/\/www.marketnewsdesk.com\/index.php\/otis-delivers-vertical-mobility-for-montreals-rem-light-metro-transit\/#breadcrumb","itemListElement":[{"@type":"ListItem","position":1,"name":"Home","item":"https:\/\/www.marketnewsdesk.com\/"},{"@type":"ListItem","position":2,"name":"Otis Delivers Vertical Mobility for Montreal&#8217;s REM Light Metro Transit"}]},{"@type":"WebSite","@id":"https:\/\/www.marketnewsdesk.com\/#website","url":"https:\/\/www.marketnewsdesk.com\/","name":"Market Newsdesk","description":"Latest Business News in Real Time","potentialAction":[{"@type":"SearchAction","target":{"@type":"EntryPoint","urlTemplate":"https:\/\/www.marketnewsdesk.com\/?s={search_term_string}"},"query-input":{"@type":"PropertyValueSpecification","valueRequired":true,"valueName":"search_term_string"}}],"inLanguage":"en-US"},{"@type":"Person","@id":"https:\/\/www.marketnewsdesk.com\/#\/schema\/person\/482f27a394d4fda80ecb5499e519d979","name":"Newsdesk","image":{"@type":"ImageObject","inLanguage":"en-US","@id":"https:\/\/secure.gravatar.com\/avatar\/a0d0bd5b0f0ca12a265a459b13169dac35f33776d8501eda5e68844a366f2f46?s=96&d=mm&r=g","url":"https:\/\/secure.gravatar.com\/avatar\/a0d0bd5b0f0ca12a265a459b13169dac35f33776d8501eda5e68844a366f2f46?s=96&d=mm&r=g","contentUrl":"https:\/\/secure.gravatar.com\/avatar\/a0d0bd5b0f0ca12a265a459b13169dac35f33776d8501eda5e68844a366f2f46?s=96&d=mm&r=g","caption":"Newsdesk"},"url":"https:\/\/www.marketnewsdesk.com\/index.php\/author\/newsdesk\/"}]}},"_links":{"self":[{"href":"https:\/\/www.marketnewsdesk.com\/index.php\/wp-json\/wp\/v2\/posts\/921785","targetHints":{"allow":["GET"]}}],"collection":[{"href":"https:\/\/www.marketnewsdesk.com\/index.php\/wp-json\/wp\/v2\/posts"}],"about":[{"href":"https:\/\/www.marketnewsdesk.com\/index.php\/wp-json\/wp\/v2\/types\/post"}],"author":[{"embeddable":true,"href":"https:\/\/www.marketnewsdesk.com\/index.php\/wp-json\/wp\/v2\/users\/2"}],"replies":[{"embeddable":true,"href":"https:\/\/www.marketnewsdesk.com\/index.php\/wp-json\/wp\/v2\/comments?post=921785"}],"version-history":[{"count":0,"href":"https:\/\/www.marketnewsdesk.com\/index.php\/wp-json\/wp\/v2\/posts\/921785\/revisions"}],"wp:attachment":[{"href":"https:\/\/www.marketnewsdesk.com\/index.php\/wp-json\/wp\/v2\/media?parent=921785"}],"wp:term":[{"taxonomy":"category","embeddable":true,"href":"https:\/\/www.marketnewsdesk.com\/index.php\/wp-json\/wp\/v2\/categories?post=921785"},{"taxonomy":"post_tag","embeddable":true,"href":"https:\/\/www.marketnewsdesk.com\/index.php\/wp-json\/wp\/v2\/tags?post=921785"}],"curies":[{"name":"wp","href":"https:\/\/api.w.org\/{rel}","templated":true}]}}