{"id":801240,"date":"2025-01-15T16:08:06","date_gmt":"2025-01-15T21:08:06","guid":{"rendered":"https:\/\/www.marketnewsdesk.com\/index.php\/kraft-heinz-welcomes-marcel-regis-as-president-west-and-east-emerging-markets\/"},"modified":"2025-01-15T16:08:06","modified_gmt":"2025-01-15T21:08:06","slug":"kraft-heinz-welcomes-marcel-regis-as-president-west-and-east-emerging-markets","status":"publish","type":"post","link":"https:\/\/www.marketnewsdesk.com\/index.php\/kraft-heinz-welcomes-marcel-regis-as-president-west-and-east-emerging-markets\/","title":{"rendered":"Kraft Heinz Welcomes Marcel Regis as President, West and East Emerging Markets"},"content":{"rendered":"<p>        <!--.bwalignc { text-align: center; list-style-position: inside }body {font:normal small Arial,Helvetica,sans-serif;color:#000;background-color:#fff;padding:24px;margin:0;} a img {border:0;} h3 {font-size:medium;color:#000;margin:0 0 1em 0; text-align:center;}-->  <\/p>\n<p class=\"bwalignc\"><b>Kraft Heinz Welcomes Marcel Regis as President, West and East Emerging Markets<\/b><\/p>\n<p class=\"bwalignc\"><i>CPG Veteran to Join Executive Leadership Team, Reporting to CEO Carlos Abrams<\/i><i>&#8211;<\/i><i>Rivera<\/i><\/p>\n<p>PITTSBURGH &amp; CHICAGO&#8211;(<a href=\"http:\/\/www.businesswire.com\">BUSINESS WIRE<\/a>)&#8211;<br \/>\nThe Kraft Heinz Company (Nasdaq: KHC) today announced the appointment of Marcel Regis as President, West and East Emerging Markets, effective February 3, 2025. Marcel will be based in Brazil and will lead the Kraft Heinz business in Latin America, Eastern Europe, the Middle East, and Africa, which is one of the business Zones created in 2024.<\/p>\n<p id=\"news-body-cta\">This press release features multimedia. View the full release here: <a href=\"https:\/\/www.businesswire.com\/news\/home\/20250115768456\/en\/\" rel=\"nofollow\">https:\/\/www.businesswire.com\/news\/home\/20250115768456\/en\/<\/a><\/p>\n<div id=\"bwbodyimg\" style=\"width: 480px;float:left;padding-left:0px;padding-right:20px;padding-top:0px;padding-bottom:0px\"><img decoding=\"async\" src=\"https:\/\/mms.businesswire.com\/media\/20250115768456\/en\/2354361\/4\/Marcel.jpg\" alt=\"Marcel Regis will join Kraft Heinz on February 3, 2025. (Photo: Business Wire)\" \/><\/p>\n<p style=\"font-size:85%\">Marcel Regis will join Kraft Heinz on February 3, 2025. (Photo: Business Wire)<\/p>\n<\/div>\n<p>\nMarcel joins Kraft Heinz from Loft, a technology company serving Latin America. Marcel previously spent 25 years at Anheuser-Busch InBev, working across their Retail and Away From Home businesses.<\/p>\n<p>\n\u201cMarcel is a proven leader with extensive international experience helping transform and grow businesses across the consumer goods industry,\u201d said Kraft Heinz CEO Carlos Abrams-Rivera. \u201cEmerging Markets is one of our three Growth Pillars, and Marcel has the experience, mindset and vision that we need to accelerate growth in critical markets around the world.\u201d<\/p>\n<p>\nMarcel has been Chief Operating Officer at Loft since July 2022. Previously, Marcel held several roles at Anheuser-Busch InBev, lastly as President of Colombia, their fifth largest market. Marcel was also President of South Africa, after the South African Breweries (SABMiller) integration. Earlier in his career, he held various management positions around the world, including the role of Global Vice President for the Commercial Integration of SABMiller, and the role of Non-Alcoholic Beverages Vice President in Brazil.<\/p>\n<p>\nMarcel holds an undergraduate degree from Universidade Cat\u00f3lica do Salvador, an MBA from Business School S\u00e3o Paulo, and from Fundac\u0101o Getulio Vargas.<\/p>\n<p>\n&#8220;It is an honor to join Kraft Heinz at such a pivotal time for the company and with the mission to help spark new levels of growth in Emerging Markets,&#8221; said Marcel Regis. &#8220;Kraft Heinz is an iconic food company and I\u2019m drawn to the Company Dream &#8211; <i>To be the leader in elevating and creating food that makes you feel good<\/i>. I look forward to working with the team to help build the next chapter of growth for Kraft Heinz.\u201d<\/p>\n<p>\nMarcel will take over the role from Bruno Keller, who will depart Kraft Heinz on March 7 after a transition period with Marcel. Bruno has been with Kraft Heinz for more than 11 years and has played a critical role in the company transformation, holding many leadership roles including President, Latin America, and President, Canada.<\/p>\n<p>\n\u201cI want to thank Bruno for the countless contributions he has made to Kraft Heinz over the years,\u201d said Abrams-Rivera. \u201cHe is a skilled leader and has been a tremendous partner to me, the Executive Leadership Team, and his many team members around the world.\u201d<\/p>\n<p>\nTo learn more about Kraft Heinz, visit <a rel=\"nofollow\" href=\"https:\/\/cts.businesswire.com\/ct\/CT?id=smartlink&amp;url=http%3A%2F%2Fwww.kraftheinzcompany.com&amp;esheet=54180459&amp;newsitemid=20250115768456&amp;lan=en-US&amp;anchor=www.kraftheinzcompany.com&amp;index=1&amp;md5=a6e2c79b95b73d4c9ee78fb8f1e720d2\">www.kraftheinzcompany.com<\/a>.<\/p>\n<p><b>About The Kraft Heinz Company<\/b><\/p>\n<p>\nWe are driving transformation at The Kraft Heinz Company (Nasdaq: KHC), inspired by our Purpose, <i>Let&#8217;s Make Life Delicious<\/i>. Consumers are at the center of everything we do. With 2023 net sales of approximately $27 billion, we are committed to growing our iconic and emerging food and beverage brands on a global scale. We leverage our scale and agility to unleash the full power of Kraft Heinz across a portfolio of eight consumer-driven product platforms. As global citizens, we&#8217;re dedicated to making a sustainable, ethical impact while helping feed the world in healthy, responsible ways. Learn more about our journey by visiting <a rel=\"nofollow\" href=\"https:\/\/cts.businesswire.com\/ct\/CT?id=smartlink&amp;url=http%3A%2F%2Fwww.kraftheinzcompany.com&amp;esheet=54180459&amp;newsitemid=20250115768456&amp;lan=en-US&amp;anchor=www.kraftheinzcompany.com&amp;index=2&amp;md5=14aef1030d7517ed251f62d30a6c417b\">www.kraftheinzcompany.com<\/a> or following us on LinkedIn.<\/p>\n<p><img decoding=\"async\" alt=\"\" src=\"https:\/\/cts.businesswire.com\/ct\/CT?id=bwnews&amp;sty=20250115768456r1&amp;sid=flmnd&amp;distro=nx&amp;lang=en\" style=\"width:0;height:0\" \/><span class=\"bwct31415\" \/><\/p>\n<p id=\"mmgallerylink\"><span id=\"mmgallerylink-phrase\">View source version on businesswire.com: <\/span><span id=\"mmgallerylink-link\"><a href=\"https:\/\/www.businesswire.com\/news\/home\/20250115768456\/en\/\" rel=\"nofollow\">https:\/\/www.businesswire.com\/news\/home\/20250115768456\/en\/<\/a><\/span><\/p>\n<p>\nAlex Abraham (media)<br \/>\n<br \/><a rel=\"nofollow\" href=\"mailto:Alex.Abraham@kraftheinz.com\">Alex.Abraham@kraftheinz.com<\/a><\/p>\n<p>\nAnne-Marie Megela (investors)<br \/>\n<br \/><a rel=\"nofollow\" href=\"mailto:ir@kraftheinz.com\">ir@kraftheinz.com<\/a><\/p>\n<p><b>KEYWORDS:<\/b> Illinois Pennsylvania United States North America<\/p>\n<p><b>INDUSTRY KEYWORDS:<\/b> Restaurant\/Bar Food\/Beverage Retail Supermarket Specialty<\/p>\n<p><b>MEDIA:<\/b><\/p>\n<table cellpadding=\"3\" cellspacing=\"3\">\n<tr>\n<td><font face=\"Arial\" size=\"2\"><b>Logo<\/b><\/font><\/td>\n<\/tr>\n<tr>\n<td><img decoding=\"async\" src=\"https:\/\/mms.businesswire.com\/media\/20250115768456\/en\/551040\/3\/KraftHeinzLogo.jpg\" alt=\"Logo\" \/><\/td>\n<\/tr>\n<tr>\n<td><font face=\"Arial\" size=\"2\"><\/font><\/td>\n<\/tr>\n<tr>\n<td><font face=\"Arial\" size=\"2\"><b>Photo<\/b><\/font><\/td>\n<\/tr>\n<tr>\n<td><img decoding=\"async\" src=\"https:\/\/mms.businesswire.com\/media\/20250115768456\/en\/2354361\/3\/Marcel.jpg\" alt=\"Photo\" \/><\/td>\n<\/tr>\n<tr>\n<td><font face=\"Arial\" size=\"2\">Marcel Regis will join Kraft Heinz on February 3, 2025. (Photo: Business Wire)<\/font><\/td>\n<\/tr>\n<\/table>\n","protected":false},"excerpt":{"rendered":"<p>Kraft Heinz Welcomes Marcel Regis as President, West and East Emerging Markets CPG Veteran to Join Executive Leadership Team, Reporting to CEO Carlos Abrams&#8211;Rivera PITTSBURGH &amp; CHICAGO&#8211;(BUSINESS WIRE)&#8211; The Kraft Heinz Company (Nasdaq: KHC) today announced the appointment of Marcel Regis as President, West and East Emerging Markets, effective February 3, 2025. Marcel will be based in Brazil and will lead the Kraft Heinz business in Latin America, Eastern Europe, the Middle East, and Africa, which is one of the business Zones created in 2024. This press release features multimedia. View the full release here: https:\/\/www.businesswire.com\/news\/home\/20250115768456\/en\/ Marcel Regis will join Kraft Heinz on February 3, 2025. (Photo: Business Wire) Marcel joins Kraft Heinz from Loft, a technology company serving Latin &hellip; <\/p>\n<p class=\"link-more\"><a href=\"https:\/\/www.marketnewsdesk.com\/index.php\/kraft-heinz-welcomes-marcel-regis-as-president-west-and-east-emerging-markets\/\" class=\"more-link\">Continue reading<span class=\"screen-reader-text\"> &#8220;Kraft Heinz Welcomes Marcel Regis as President, West and East Emerging Markets&#8221;<\/span><\/a><\/p>\n","protected":false},"author":2,"featured_media":0,"comment_status":"closed","ping_status":"closed","sticky":false,"template":"","format":"standard","meta":{"footnotes":""},"categories":[],"tags":[],"class_list":["post-801240","post","type-post","status-publish","format-standard","hentry"],"yoast_head":"<!-- This site is optimized with the Yoast SEO plugin v27.5 - https:\/\/yoast.com\/product\/yoast-seo-wordpress\/ -->\n<title>Kraft Heinz Welcomes Marcel Regis as President, West and East Emerging Markets - Market Newsdesk<\/title>\n<meta name=\"robots\" content=\"index, follow, max-snippet:-1, max-image-preview:large, max-video-preview:-1\" \/>\n<link rel=\"canonical\" href=\"https:\/\/www.marketnewsdesk.com\/index.php\/kraft-heinz-welcomes-marcel-regis-as-president-west-and-east-emerging-markets\/\" \/>\n<meta property=\"og:locale\" content=\"en_US\" \/>\n<meta property=\"og:type\" content=\"article\" \/>\n<meta property=\"og:title\" content=\"Kraft Heinz Welcomes Marcel Regis as President, West and East Emerging Markets - Market Newsdesk\" \/>\n<meta property=\"og:description\" content=\"Kraft Heinz Welcomes Marcel Regis as President, West and East Emerging Markets CPG Veteran to Join Executive Leadership Team, Reporting to CEO Carlos Abrams&#8211;Rivera PITTSBURGH &amp; CHICAGO&#8211;(BUSINESS WIRE)&#8211; The Kraft Heinz Company (Nasdaq: KHC) today announced the appointment of Marcel Regis as President, West and East Emerging Markets, effective February 3, 2025. Marcel will be based in Brazil and will lead the Kraft Heinz business in Latin America, Eastern Europe, the Middle East, and Africa, which is one of the business Zones created in 2024. This press release features multimedia. View the full release here: https:\/\/www.businesswire.com\/news\/home\/20250115768456\/en\/ Marcel Regis will join Kraft Heinz on February 3, 2025. (Photo: Business Wire) Marcel joins Kraft Heinz from Loft, a technology company serving Latin &hellip; Continue reading &quot;Kraft Heinz Welcomes Marcel Regis as President, West and East Emerging Markets&quot;\" \/>\n<meta property=\"og:url\" content=\"https:\/\/www.marketnewsdesk.com\/index.php\/kraft-heinz-welcomes-marcel-regis-as-president-west-and-east-emerging-markets\/\" \/>\n<meta property=\"og:site_name\" content=\"Market Newsdesk\" \/>\n<meta property=\"article:published_time\" content=\"2025-01-15T21:08:06+00:00\" \/>\n<meta property=\"og:image\" content=\"https:\/\/mms.businesswire.com\/media\/20250115768456\/en\/2354361\/4\/Marcel.jpg\" \/>\n<meta name=\"author\" content=\"Newsdesk\" \/>\n<meta name=\"twitter:card\" content=\"summary_large_image\" \/>\n<meta name=\"twitter:label1\" content=\"Written by\" \/>\n\t<meta name=\"twitter:data1\" content=\"Newsdesk\" \/>\n\t<meta name=\"twitter:label2\" content=\"Est. reading time\" \/>\n\t<meta name=\"twitter:data2\" content=\"3 minutes\" \/>\n<script type=\"application\/ld+json\" class=\"yoast-schema-graph\">{\"@context\":\"https:\\\/\\\/schema.org\",\"@graph\":[{\"@type\":\"Article\",\"@id\":\"https:\\\/\\\/www.marketnewsdesk.com\\\/index.php\\\/kraft-heinz-welcomes-marcel-regis-as-president-west-and-east-emerging-markets\\\/#article\",\"isPartOf\":{\"@id\":\"https:\\\/\\\/www.marketnewsdesk.com\\\/index.php\\\/kraft-heinz-welcomes-marcel-regis-as-president-west-and-east-emerging-markets\\\/\"},\"author\":{\"name\":\"Newsdesk\",\"@id\":\"https:\\\/\\\/www.marketnewsdesk.com\\\/#\\\/schema\\\/person\\\/482f27a394d4fda80ecb5499e519d979\"},\"headline\":\"Kraft Heinz Welcomes Marcel Regis as President, West and East Emerging Markets\",\"datePublished\":\"2025-01-15T21:08:06+00:00\",\"mainEntityOfPage\":{\"@id\":\"https:\\\/\\\/www.marketnewsdesk.com\\\/index.php\\\/kraft-heinz-welcomes-marcel-regis-as-president-west-and-east-emerging-markets\\\/\"},\"wordCount\":668,\"image\":{\"@id\":\"https:\\\/\\\/www.marketnewsdesk.com\\\/index.php\\\/kraft-heinz-welcomes-marcel-regis-as-president-west-and-east-emerging-markets\\\/#primaryimage\"},\"thumbnailUrl\":\"https:\\\/\\\/mms.businesswire.com\\\/media\\\/20250115768456\\\/en\\\/2354361\\\/4\\\/Marcel.jpg\",\"inLanguage\":\"en-US\"},{\"@type\":\"WebPage\",\"@id\":\"https:\\\/\\\/www.marketnewsdesk.com\\\/index.php\\\/kraft-heinz-welcomes-marcel-regis-as-president-west-and-east-emerging-markets\\\/\",\"url\":\"https:\\\/\\\/www.marketnewsdesk.com\\\/index.php\\\/kraft-heinz-welcomes-marcel-regis-as-president-west-and-east-emerging-markets\\\/\",\"name\":\"Kraft Heinz Welcomes Marcel Regis as President, West and East Emerging Markets - Market Newsdesk\",\"isPartOf\":{\"@id\":\"https:\\\/\\\/www.marketnewsdesk.com\\\/#website\"},\"primaryImageOfPage\":{\"@id\":\"https:\\\/\\\/www.marketnewsdesk.com\\\/index.php\\\/kraft-heinz-welcomes-marcel-regis-as-president-west-and-east-emerging-markets\\\/#primaryimage\"},\"image\":{\"@id\":\"https:\\\/\\\/www.marketnewsdesk.com\\\/index.php\\\/kraft-heinz-welcomes-marcel-regis-as-president-west-and-east-emerging-markets\\\/#primaryimage\"},\"thumbnailUrl\":\"https:\\\/\\\/mms.businesswire.com\\\/media\\\/20250115768456\\\/en\\\/2354361\\\/4\\\/Marcel.jpg\",\"datePublished\":\"2025-01-15T21:08:06+00:00\",\"author\":{\"@id\":\"https:\\\/\\\/www.marketnewsdesk.com\\\/#\\\/schema\\\/person\\\/482f27a394d4fda80ecb5499e519d979\"},\"breadcrumb\":{\"@id\":\"https:\\\/\\\/www.marketnewsdesk.com\\\/index.php\\\/kraft-heinz-welcomes-marcel-regis-as-president-west-and-east-emerging-markets\\\/#breadcrumb\"},\"inLanguage\":\"en-US\",\"potentialAction\":[{\"@type\":\"ReadAction\",\"target\":[\"https:\\\/\\\/www.marketnewsdesk.com\\\/index.php\\\/kraft-heinz-welcomes-marcel-regis-as-president-west-and-east-emerging-markets\\\/\"]}]},{\"@type\":\"ImageObject\",\"inLanguage\":\"en-US\",\"@id\":\"https:\\\/\\\/www.marketnewsdesk.com\\\/index.php\\\/kraft-heinz-welcomes-marcel-regis-as-president-west-and-east-emerging-markets\\\/#primaryimage\",\"url\":\"https:\\\/\\\/mms.businesswire.com\\\/media\\\/20250115768456\\\/en\\\/2354361\\\/4\\\/Marcel.jpg\",\"contentUrl\":\"https:\\\/\\\/mms.businesswire.com\\\/media\\\/20250115768456\\\/en\\\/2354361\\\/4\\\/Marcel.jpg\"},{\"@type\":\"BreadcrumbList\",\"@id\":\"https:\\\/\\\/www.marketnewsdesk.com\\\/index.php\\\/kraft-heinz-welcomes-marcel-regis-as-president-west-and-east-emerging-markets\\\/#breadcrumb\",\"itemListElement\":[{\"@type\":\"ListItem\",\"position\":1,\"name\":\"Home\",\"item\":\"https:\\\/\\\/www.marketnewsdesk.com\\\/\"},{\"@type\":\"ListItem\",\"position\":2,\"name\":\"Kraft Heinz Welcomes Marcel Regis as President, West and East Emerging Markets\"}]},{\"@type\":\"WebSite\",\"@id\":\"https:\\\/\\\/www.marketnewsdesk.com\\\/#website\",\"url\":\"https:\\\/\\\/www.marketnewsdesk.com\\\/\",\"name\":\"Market Newsdesk\",\"description\":\"Latest Business News in Real Time\",\"potentialAction\":[{\"@type\":\"SearchAction\",\"target\":{\"@type\":\"EntryPoint\",\"urlTemplate\":\"https:\\\/\\\/www.marketnewsdesk.com\\\/?s={search_term_string}\"},\"query-input\":{\"@type\":\"PropertyValueSpecification\",\"valueRequired\":true,\"valueName\":\"search_term_string\"}}],\"inLanguage\":\"en-US\"},{\"@type\":\"Person\",\"@id\":\"https:\\\/\\\/www.marketnewsdesk.com\\\/#\\\/schema\\\/person\\\/482f27a394d4fda80ecb5499e519d979\",\"name\":\"Newsdesk\",\"image\":{\"@type\":\"ImageObject\",\"inLanguage\":\"en-US\",\"@id\":\"https:\\\/\\\/secure.gravatar.com\\\/avatar\\\/a0d0bd5b0f0ca12a265a459b13169dac35f33776d8501eda5e68844a366f2f46?s=96&d=mm&r=g\",\"url\":\"https:\\\/\\\/secure.gravatar.com\\\/avatar\\\/a0d0bd5b0f0ca12a265a459b13169dac35f33776d8501eda5e68844a366f2f46?s=96&d=mm&r=g\",\"contentUrl\":\"https:\\\/\\\/secure.gravatar.com\\\/avatar\\\/a0d0bd5b0f0ca12a265a459b13169dac35f33776d8501eda5e68844a366f2f46?s=96&d=mm&r=g\",\"caption\":\"Newsdesk\"},\"url\":\"https:\\\/\\\/www.marketnewsdesk.com\\\/index.php\\\/author\\\/newsdesk\\\/\"}]}<\/script>\n<!-- \/ Yoast SEO plugin. -->","yoast_head_json":{"title":"Kraft Heinz Welcomes Marcel Regis as President, West and East Emerging Markets - Market Newsdesk","robots":{"index":"index","follow":"follow","max-snippet":"max-snippet:-1","max-image-preview":"max-image-preview:large","max-video-preview":"max-video-preview:-1"},"canonical":"https:\/\/www.marketnewsdesk.com\/index.php\/kraft-heinz-welcomes-marcel-regis-as-president-west-and-east-emerging-markets\/","og_locale":"en_US","og_type":"article","og_title":"Kraft Heinz Welcomes Marcel Regis as President, West and East Emerging Markets - Market Newsdesk","og_description":"Kraft Heinz Welcomes Marcel Regis as President, West and East Emerging Markets CPG Veteran to Join Executive Leadership Team, Reporting to CEO Carlos Abrams&#8211;Rivera PITTSBURGH &amp; CHICAGO&#8211;(BUSINESS WIRE)&#8211; The Kraft Heinz Company (Nasdaq: KHC) today announced the appointment of Marcel Regis as President, West and East Emerging Markets, effective February 3, 2025. Marcel will be based in Brazil and will lead the Kraft Heinz business in Latin America, Eastern Europe, the Middle East, and Africa, which is one of the business Zones created in 2024. This press release features multimedia. View the full release here: https:\/\/www.businesswire.com\/news\/home\/20250115768456\/en\/ Marcel Regis will join Kraft Heinz on February 3, 2025. (Photo: Business Wire) Marcel joins Kraft Heinz from Loft, a technology company serving Latin &hellip; Continue reading \"Kraft Heinz Welcomes Marcel Regis as President, West and East Emerging Markets\"","og_url":"https:\/\/www.marketnewsdesk.com\/index.php\/kraft-heinz-welcomes-marcel-regis-as-president-west-and-east-emerging-markets\/","og_site_name":"Market Newsdesk","article_published_time":"2025-01-15T21:08:06+00:00","og_image":[{"url":"https:\/\/mms.businesswire.com\/media\/20250115768456\/en\/2354361\/4\/Marcel.jpg","type":"","width":"","height":""}],"author":"Newsdesk","twitter_card":"summary_large_image","twitter_misc":{"Written by":"Newsdesk","Est. reading time":"3 minutes"},"schema":{"@context":"https:\/\/schema.org","@graph":[{"@type":"Article","@id":"https:\/\/www.marketnewsdesk.com\/index.php\/kraft-heinz-welcomes-marcel-regis-as-president-west-and-east-emerging-markets\/#article","isPartOf":{"@id":"https:\/\/www.marketnewsdesk.com\/index.php\/kraft-heinz-welcomes-marcel-regis-as-president-west-and-east-emerging-markets\/"},"author":{"name":"Newsdesk","@id":"https:\/\/www.marketnewsdesk.com\/#\/schema\/person\/482f27a394d4fda80ecb5499e519d979"},"headline":"Kraft Heinz Welcomes Marcel Regis as President, West and East Emerging Markets","datePublished":"2025-01-15T21:08:06+00:00","mainEntityOfPage":{"@id":"https:\/\/www.marketnewsdesk.com\/index.php\/kraft-heinz-welcomes-marcel-regis-as-president-west-and-east-emerging-markets\/"},"wordCount":668,"image":{"@id":"https:\/\/www.marketnewsdesk.com\/index.php\/kraft-heinz-welcomes-marcel-regis-as-president-west-and-east-emerging-markets\/#primaryimage"},"thumbnailUrl":"https:\/\/mms.businesswire.com\/media\/20250115768456\/en\/2354361\/4\/Marcel.jpg","inLanguage":"en-US"},{"@type":"WebPage","@id":"https:\/\/www.marketnewsdesk.com\/index.php\/kraft-heinz-welcomes-marcel-regis-as-president-west-and-east-emerging-markets\/","url":"https:\/\/www.marketnewsdesk.com\/index.php\/kraft-heinz-welcomes-marcel-regis-as-president-west-and-east-emerging-markets\/","name":"Kraft Heinz Welcomes Marcel Regis as President, West and East Emerging Markets - Market Newsdesk","isPartOf":{"@id":"https:\/\/www.marketnewsdesk.com\/#website"},"primaryImageOfPage":{"@id":"https:\/\/www.marketnewsdesk.com\/index.php\/kraft-heinz-welcomes-marcel-regis-as-president-west-and-east-emerging-markets\/#primaryimage"},"image":{"@id":"https:\/\/www.marketnewsdesk.com\/index.php\/kraft-heinz-welcomes-marcel-regis-as-president-west-and-east-emerging-markets\/#primaryimage"},"thumbnailUrl":"https:\/\/mms.businesswire.com\/media\/20250115768456\/en\/2354361\/4\/Marcel.jpg","datePublished":"2025-01-15T21:08:06+00:00","author":{"@id":"https:\/\/www.marketnewsdesk.com\/#\/schema\/person\/482f27a394d4fda80ecb5499e519d979"},"breadcrumb":{"@id":"https:\/\/www.marketnewsdesk.com\/index.php\/kraft-heinz-welcomes-marcel-regis-as-president-west-and-east-emerging-markets\/#breadcrumb"},"inLanguage":"en-US","potentialAction":[{"@type":"ReadAction","target":["https:\/\/www.marketnewsdesk.com\/index.php\/kraft-heinz-welcomes-marcel-regis-as-president-west-and-east-emerging-markets\/"]}]},{"@type":"ImageObject","inLanguage":"en-US","@id":"https:\/\/www.marketnewsdesk.com\/index.php\/kraft-heinz-welcomes-marcel-regis-as-president-west-and-east-emerging-markets\/#primaryimage","url":"https:\/\/mms.businesswire.com\/media\/20250115768456\/en\/2354361\/4\/Marcel.jpg","contentUrl":"https:\/\/mms.businesswire.com\/media\/20250115768456\/en\/2354361\/4\/Marcel.jpg"},{"@type":"BreadcrumbList","@id":"https:\/\/www.marketnewsdesk.com\/index.php\/kraft-heinz-welcomes-marcel-regis-as-president-west-and-east-emerging-markets\/#breadcrumb","itemListElement":[{"@type":"ListItem","position":1,"name":"Home","item":"https:\/\/www.marketnewsdesk.com\/"},{"@type":"ListItem","position":2,"name":"Kraft Heinz Welcomes Marcel Regis as President, West and East Emerging Markets"}]},{"@type":"WebSite","@id":"https:\/\/www.marketnewsdesk.com\/#website","url":"https:\/\/www.marketnewsdesk.com\/","name":"Market Newsdesk","description":"Latest Business News in Real Time","potentialAction":[{"@type":"SearchAction","target":{"@type":"EntryPoint","urlTemplate":"https:\/\/www.marketnewsdesk.com\/?s={search_term_string}"},"query-input":{"@type":"PropertyValueSpecification","valueRequired":true,"valueName":"search_term_string"}}],"inLanguage":"en-US"},{"@type":"Person","@id":"https:\/\/www.marketnewsdesk.com\/#\/schema\/person\/482f27a394d4fda80ecb5499e519d979","name":"Newsdesk","image":{"@type":"ImageObject","inLanguage":"en-US","@id":"https:\/\/secure.gravatar.com\/avatar\/a0d0bd5b0f0ca12a265a459b13169dac35f33776d8501eda5e68844a366f2f46?s=96&d=mm&r=g","url":"https:\/\/secure.gravatar.com\/avatar\/a0d0bd5b0f0ca12a265a459b13169dac35f33776d8501eda5e68844a366f2f46?s=96&d=mm&r=g","contentUrl":"https:\/\/secure.gravatar.com\/avatar\/a0d0bd5b0f0ca12a265a459b13169dac35f33776d8501eda5e68844a366f2f46?s=96&d=mm&r=g","caption":"Newsdesk"},"url":"https:\/\/www.marketnewsdesk.com\/index.php\/author\/newsdesk\/"}]}},"_links":{"self":[{"href":"https:\/\/www.marketnewsdesk.com\/index.php\/wp-json\/wp\/v2\/posts\/801240","targetHints":{"allow":["GET"]}}],"collection":[{"href":"https:\/\/www.marketnewsdesk.com\/index.php\/wp-json\/wp\/v2\/posts"}],"about":[{"href":"https:\/\/www.marketnewsdesk.com\/index.php\/wp-json\/wp\/v2\/types\/post"}],"author":[{"embeddable":true,"href":"https:\/\/www.marketnewsdesk.com\/index.php\/wp-json\/wp\/v2\/users\/2"}],"replies":[{"embeddable":true,"href":"https:\/\/www.marketnewsdesk.com\/index.php\/wp-json\/wp\/v2\/comments?post=801240"}],"version-history":[{"count":0,"href":"https:\/\/www.marketnewsdesk.com\/index.php\/wp-json\/wp\/v2\/posts\/801240\/revisions"}],"wp:attachment":[{"href":"https:\/\/www.marketnewsdesk.com\/index.php\/wp-json\/wp\/v2\/media?parent=801240"}],"wp:term":[{"taxonomy":"category","embeddable":true,"href":"https:\/\/www.marketnewsdesk.com\/index.php\/wp-json\/wp\/v2\/categories?post=801240"},{"taxonomy":"post_tag","embeddable":true,"href":"https:\/\/www.marketnewsdesk.com\/index.php\/wp-json\/wp\/v2\/tags?post=801240"}],"curies":[{"name":"wp","href":"https:\/\/api.w.org\/{rel}","templated":true}]}}