{"id":415004,"date":"2021-01-14T09:04:04","date_gmt":"2021-01-14T14:04:04","guid":{"rendered":"http:\/\/www.marketnewsdesk.com\/?p=415004"},"modified":"2021-01-14T09:04:04","modified_gmt":"2021-01-14T14:04:04","slug":"exfo-announces-election-of-directors","status":"publish","type":"post","link":"https:\/\/www.marketnewsdesk.com\/index.php\/exfo-announces-election-of-directors\/","title":{"rendered":"EXFO Announces Election of Directors"},"content":{"rendered":"<div class=\"xn-newslines\">\n<p class=\"xn-distributor\">PR Newswire<\/p>\n<\/p><\/div>\n<div class=\"xn-content\">\n<p>\n        <span class=\"xn-location\">QUEBEC CITY<\/span>, <span class=\"xn-chron\">Jan. 14, 2021<\/span> \/PRNewswire\/ &#8211; EXFO Inc. (NASDAQ: EXFO) (TSX: EXF) announced today that the six nominees listed in the management proxy circular for the 2020 Annual Meeting of Shareholders were elected as directors of the company at a shareholder meeting held on <span class=\"xn-chron\">January 13, 2021<\/span> in <span class=\"xn-location\">Quebec, Canada<\/span>.<\/p>\n<p>Detailed results of the vote for the election of directors held at the meeting are set out below:<\/p>\n<div>\n<table cellspacing=\"0\" cellpadding=\"0\" border=\"0\" class=\"prnbcc\">\n<tr>\n<td class=\"prnvab prntar prnpl6 prnpr6\">\n              \n            <\/td>\n<td class=\"prnvab prngen4\">\n<p class=\"prnews_p\">\n                <span class=\"prnews_span\"><br \/>\n                  <b>% for<\/b><br \/>\n                <\/span>\n              <\/p>\n<\/td>\n<td class=\"prngen4\">\n<p class=\"prnews_p\">\n                <span class=\"prnews_span\"><br \/>\n                  <b>% withheld<\/b><br \/>\n                <\/span>\n              <\/p>\n<\/td>\n<\/tr>\n<tr>\n<td class=\"prngen5\">\n<p class=\"prnews_p\">\n                <span class=\"prnews_span\">Fran\u00e7ois C\u00f4t\u00e9<\/span>\n              <\/p>\n<\/td>\n<td class=\"prngen3\">\n<p class=\"prnews_p\">\n                <span class=\"prnews_span\">99.84<\/span>\n              <\/p>\n<\/td>\n<td class=\"prngen4\">\n<p class=\"prnews_p\">\n                <span class=\"prnews_span\">0.16<\/span>\n              <\/p>\n<\/td>\n<\/tr>\n<tr>\n<td class=\"prngen5\">\n<p class=\"prnews_p\">\n                <span class=\"prnews_span\">Germain Lamonde<\/span>\n              <\/p>\n<\/td>\n<td class=\"prngen3\">\n<p class=\"prnews_p\">\n                <span class=\"prnews_span\">99.85<\/span>\n              <\/p>\n<\/td>\n<td class=\"prngen4\">\n<p class=\"prnews_p\">\n                <span class=\"prnews_span\">0.15<\/span>\n              <\/p>\n<\/td>\n<\/tr>\n<tr>\n<td class=\"prngen5\">\n<p class=\"prnews_p\">\n                <span class=\"prnews_span\">Angela Logothetis<\/span>\n              <\/p>\n<\/td>\n<td class=\"prngen3\">\n<p class=\"prnews_p\">\n                <span class=\"prnews_span\">99.85<\/span>\n              <\/p>\n<\/td>\n<td class=\"prngen4\">\n<p class=\"prnews_p\">\n                <span class=\"prnews_span\">0.15<\/span>\n              <\/p>\n<\/td>\n<\/tr>\n<tr>\n<td class=\"prngen5\">\n<p class=\"prnews_p\">\n                <span class=\"prnews_span\">Philippe Morin<\/span>\n              <\/p>\n<\/td>\n<td class=\"prngen3\">\n<p class=\"prnews_p\">\n                <span class=\"prnews_span\">99.95<\/span>\n              <\/p>\n<\/td>\n<td class=\"prngen4\">\n<p class=\"prnews_p\">\n                <span class=\"prnews_span\">0.05<\/span>\n              <\/p>\n<\/td>\n<\/tr>\n<tr>\n<td class=\"prngen5\">\n<p class=\"prnews_p\">\n                <span class=\"prnews_span\">Claude S\u00e9guin<\/span>\n              <\/p>\n<\/td>\n<td class=\"prngen3\">\n<p class=\"prnews_p\">\n                <span class=\"prnews_span\">99.84<\/span>\n              <\/p>\n<\/td>\n<td class=\"prngen4\">\n<p class=\"prnews_p\">\n                <span class=\"prnews_span\">0.16<\/span>\n              <\/p>\n<\/td>\n<\/tr>\n<tr>\n<td class=\"prngen5\">\n<p class=\"prnews_p\">\n                <span class=\"prnews_span\">Randy E. Tornes<\/span>\n              <\/p>\n<\/td>\n<td class=\"prngen3\">\n<p class=\"prnews_p\">\n                <span class=\"prnews_span\">99.84<\/span>\n              <\/p>\n<\/td>\n<td class=\"prngen4\">\n<p class=\"prnews_p\">\n                <span class=\"prnews_span\">0.16<\/span>\n              <\/p>\n<\/td>\n<\/tr>\n<\/table><\/div>\n<p>Final results on all matters voted at the meeting have been filed on SEDAR at <a target=\"_blank\" href=\"https:\/\/c212.net\/c\/link\/?t=0&amp;l=en&amp;o=3037454-1&amp;h=3543305614&amp;u=http%3A%2F%2Fwww.sedar.com%2F&amp;a=www.sedar.com\" rel=\"nofollow noopener noreferrer\">www.sedar.com<\/a>\u00a0in <span class=\"xn-location\">Canada<\/span> and on EDGAR at <a target=\"_blank\" href=\"https:\/\/c212.net\/c\/link\/?t=0&amp;l=en&amp;o=3037454-1&amp;h=2057949377&amp;u=http%3A%2F%2Fwww.sec.gov%2Fedgar.shtml&amp;a=www.sec.gov%2Fedgar.shtml\" rel=\"nofollow noopener noreferrer\">www.sec.gov\/edgar.shtml<\/a>\u00a0in <span class=\"xn-location\">the United States<\/span>.<\/p>\n<p>\n        <b>About EXFO<br \/><\/b>EXFO (NASDAQ: EXFO) (TSX: EXF) develops smarter test, monitoring and analytics solutions for fixed and mobile network operators, webscale companies and equipment manufacturers in the global communications industry. Our customers count on us to deliver superior network performance, service reliability and subscriber insights. They count on our unique blend of equipment, software and services to\u00a0accelerate digital transformations related to fiber, 4G\/LTE and 5G deployments. They count on our expertise with automation, real-time troubleshooting and big data analytics, which are critical to their business performance. We&#8217;ve spent over 30 years earning this trust, and today 1,900 EXFO employees in\u00a0over 25 countries work side by side with our customers in the lab, field, data center and beyond.<\/p>\n<p>EXFO-C<\/p>\n<p id=\"PURL\">\n        <img loading=\"lazy\" decoding=\"async\" title=\"Cision\" width=\"12\" height=\"12\" alt=\"Cision\" src=\"https:\/\/c212.net\/c\/img\/favicon.png?sn=MO48832&amp;sd=2021-01-14\" \/> View original content:<a id=\"PRNURL\" rel=\"nofollow\" href=\"http:\/\/www.prnewswire.com\/news-releases\/exfo-announces-election-of-directors-301208475.html\">http:\/\/www.prnewswire.com\/news-releases\/exfo-announces-election-of-directors-301208475.html<\/a><\/p>\n<p>SOURCE  EXFO Inc.<\/p>\n<\/p><\/div>\n<p>    <img decoding=\"async\" alt=\"\" src=\"https:\/\/rt.prnewswire.com\/rt.gif?NewsItemId=MO48832&amp;Transmission_Id=202101140900PR_NEWS_USPR_____MO48832&amp;DateId=20210114\" style=\"border:0px;width:1px;height:1px\" \/><\/p>\n","protected":false},"excerpt":{"rendered":"<p>PR Newswire QUEBEC CITY, Jan. 14, 2021 \/PRNewswire\/ &#8211; EXFO Inc. (NASDAQ: EXFO) (TSX: EXF) announced today that the six nominees listed in the management proxy circular for the 2020 Annual Meeting of Shareholders were elected as directors of the company at a shareholder meeting held on January 13, 2021 in Quebec, Canada. Detailed results of the vote for the election of directors held at the meeting are set out below: % for % withheld Fran\u00e7ois C\u00f4t\u00e9 99.84 0.16 Germain Lamonde 99.85 0.15 Angela Logothetis 99.85 0.15 Philippe Morin 99.95 0.05 Claude S\u00e9guin 99.84 0.16 Randy E. Tornes 99.84 0.16 Final results on all matters voted at the meeting have been filed on SEDAR at www.sedar.com\u00a0in Canada and on EDGAR &hellip; <\/p>\n<p class=\"link-more\"><a href=\"https:\/\/www.marketnewsdesk.com\/index.php\/exfo-announces-election-of-directors\/\" class=\"more-link\">Continue reading<span class=\"screen-reader-text\"> &#8220;EXFO Announces Election of Directors&#8221;<\/span><\/a><\/p>\n","protected":false},"author":2,"featured_media":0,"comment_status":"closed","ping_status":"closed","sticky":false,"template":"","format":"standard","meta":{"footnotes":""},"categories":[],"tags":[],"class_list":["post-415004","post","type-post","status-publish","format-standard","hentry"],"yoast_head":"<!-- This site is optimized with the Yoast SEO plugin v27.5 - https:\/\/yoast.com\/product\/yoast-seo-wordpress\/ -->\n<title>EXFO Announces Election of Directors - Market Newsdesk<\/title>\n<meta name=\"robots\" content=\"index, follow, max-snippet:-1, max-image-preview:large, max-video-preview:-1\" \/>\n<link rel=\"canonical\" href=\"https:\/\/www.marketnewsdesk.com\/index.php\/exfo-announces-election-of-directors\/\" \/>\n<meta property=\"og:locale\" content=\"en_US\" \/>\n<meta property=\"og:type\" content=\"article\" \/>\n<meta property=\"og:title\" content=\"EXFO Announces Election of Directors - Market Newsdesk\" \/>\n<meta property=\"og:description\" content=\"PR Newswire QUEBEC CITY, Jan. 14, 2021 \/PRNewswire\/ &#8211; EXFO Inc. (NASDAQ: EXFO) (TSX: EXF) announced today that the six nominees listed in the management proxy circular for the 2020 Annual Meeting of Shareholders were elected as directors of the company at a shareholder meeting held on January 13, 2021 in Quebec, Canada. Detailed results of the vote for the election of directors held at the meeting are set out below: % for % withheld Fran\u00e7ois C\u00f4t\u00e9 99.84 0.16 Germain Lamonde 99.85 0.15 Angela Logothetis 99.85 0.15 Philippe Morin 99.95 0.05 Claude S\u00e9guin 99.84 0.16 Randy E. Tornes 99.84 0.16 Final results on all matters voted at the meeting have been filed on SEDAR at www.sedar.com\u00a0in Canada and on EDGAR &hellip; Continue reading &quot;EXFO Announces Election of Directors&quot;\" \/>\n<meta property=\"og:url\" content=\"https:\/\/www.marketnewsdesk.com\/index.php\/exfo-announces-election-of-directors\/\" \/>\n<meta property=\"og:site_name\" content=\"Market Newsdesk\" \/>\n<meta property=\"article:published_time\" content=\"2021-01-14T14:04:04+00:00\" \/>\n<meta property=\"og:image\" content=\"https:\/\/c212.net\/c\/img\/favicon.png?sn=MO48832&amp;sd=2021-01-14\" \/>\n<meta name=\"author\" content=\"Newsdesk\" \/>\n<meta name=\"twitter:card\" content=\"summary_large_image\" \/>\n<meta name=\"twitter:label1\" content=\"Written by\" \/>\n\t<meta name=\"twitter:data1\" content=\"Newsdesk\" \/>\n\t<meta name=\"twitter:label2\" content=\"Est. reading time\" \/>\n\t<meta name=\"twitter:data2\" content=\"1 minute\" \/>\n<script type=\"application\/ld+json\" class=\"yoast-schema-graph\">{\"@context\":\"https:\\\/\\\/schema.org\",\"@graph\":[{\"@type\":\"Article\",\"@id\":\"https:\\\/\\\/www.marketnewsdesk.com\\\/index.php\\\/exfo-announces-election-of-directors\\\/#article\",\"isPartOf\":{\"@id\":\"https:\\\/\\\/www.marketnewsdesk.com\\\/index.php\\\/exfo-announces-election-of-directors\\\/\"},\"author\":{\"name\":\"Newsdesk\",\"@id\":\"https:\\\/\\\/www.marketnewsdesk.com\\\/#\\\/schema\\\/person\\\/482f27a394d4fda80ecb5499e519d979\"},\"headline\":\"EXFO Announces Election of Directors\",\"datePublished\":\"2021-01-14T14:04:04+00:00\",\"mainEntityOfPage\":{\"@id\":\"https:\\\/\\\/www.marketnewsdesk.com\\\/index.php\\\/exfo-announces-election-of-directors\\\/\"},\"wordCount\":253,\"image\":{\"@id\":\"https:\\\/\\\/www.marketnewsdesk.com\\\/index.php\\\/exfo-announces-election-of-directors\\\/#primaryimage\"},\"thumbnailUrl\":\"https:\\\/\\\/c212.net\\\/c\\\/img\\\/favicon.png?sn=MO48832&amp;sd=2021-01-14\",\"inLanguage\":\"en-US\"},{\"@type\":\"WebPage\",\"@id\":\"https:\\\/\\\/www.marketnewsdesk.com\\\/index.php\\\/exfo-announces-election-of-directors\\\/\",\"url\":\"https:\\\/\\\/www.marketnewsdesk.com\\\/index.php\\\/exfo-announces-election-of-directors\\\/\",\"name\":\"EXFO Announces Election of Directors - Market Newsdesk\",\"isPartOf\":{\"@id\":\"https:\\\/\\\/www.marketnewsdesk.com\\\/#website\"},\"primaryImageOfPage\":{\"@id\":\"https:\\\/\\\/www.marketnewsdesk.com\\\/index.php\\\/exfo-announces-election-of-directors\\\/#primaryimage\"},\"image\":{\"@id\":\"https:\\\/\\\/www.marketnewsdesk.com\\\/index.php\\\/exfo-announces-election-of-directors\\\/#primaryimage\"},\"thumbnailUrl\":\"https:\\\/\\\/c212.net\\\/c\\\/img\\\/favicon.png?sn=MO48832&amp;sd=2021-01-14\",\"datePublished\":\"2021-01-14T14:04:04+00:00\",\"author\":{\"@id\":\"https:\\\/\\\/www.marketnewsdesk.com\\\/#\\\/schema\\\/person\\\/482f27a394d4fda80ecb5499e519d979\"},\"breadcrumb\":{\"@id\":\"https:\\\/\\\/www.marketnewsdesk.com\\\/index.php\\\/exfo-announces-election-of-directors\\\/#breadcrumb\"},\"inLanguage\":\"en-US\",\"potentialAction\":[{\"@type\":\"ReadAction\",\"target\":[\"https:\\\/\\\/www.marketnewsdesk.com\\\/index.php\\\/exfo-announces-election-of-directors\\\/\"]}]},{\"@type\":\"ImageObject\",\"inLanguage\":\"en-US\",\"@id\":\"https:\\\/\\\/www.marketnewsdesk.com\\\/index.php\\\/exfo-announces-election-of-directors\\\/#primaryimage\",\"url\":\"https:\\\/\\\/c212.net\\\/c\\\/img\\\/favicon.png?sn=MO48832&amp;sd=2021-01-14\",\"contentUrl\":\"https:\\\/\\\/c212.net\\\/c\\\/img\\\/favicon.png?sn=MO48832&amp;sd=2021-01-14\"},{\"@type\":\"BreadcrumbList\",\"@id\":\"https:\\\/\\\/www.marketnewsdesk.com\\\/index.php\\\/exfo-announces-election-of-directors\\\/#breadcrumb\",\"itemListElement\":[{\"@type\":\"ListItem\",\"position\":1,\"name\":\"Home\",\"item\":\"https:\\\/\\\/www.marketnewsdesk.com\\\/\"},{\"@type\":\"ListItem\",\"position\":2,\"name\":\"EXFO Announces Election of Directors\"}]},{\"@type\":\"WebSite\",\"@id\":\"https:\\\/\\\/www.marketnewsdesk.com\\\/#website\",\"url\":\"https:\\\/\\\/www.marketnewsdesk.com\\\/\",\"name\":\"Market Newsdesk\",\"description\":\"Latest Business News in Real Time\",\"potentialAction\":[{\"@type\":\"SearchAction\",\"target\":{\"@type\":\"EntryPoint\",\"urlTemplate\":\"https:\\\/\\\/www.marketnewsdesk.com\\\/?s={search_term_string}\"},\"query-input\":{\"@type\":\"PropertyValueSpecification\",\"valueRequired\":true,\"valueName\":\"search_term_string\"}}],\"inLanguage\":\"en-US\"},{\"@type\":\"Person\",\"@id\":\"https:\\\/\\\/www.marketnewsdesk.com\\\/#\\\/schema\\\/person\\\/482f27a394d4fda80ecb5499e519d979\",\"name\":\"Newsdesk\",\"image\":{\"@type\":\"ImageObject\",\"inLanguage\":\"en-US\",\"@id\":\"https:\\\/\\\/secure.gravatar.com\\\/avatar\\\/a0d0bd5b0f0ca12a265a459b13169dac35f33776d8501eda5e68844a366f2f46?s=96&d=mm&r=g\",\"url\":\"https:\\\/\\\/secure.gravatar.com\\\/avatar\\\/a0d0bd5b0f0ca12a265a459b13169dac35f33776d8501eda5e68844a366f2f46?s=96&d=mm&r=g\",\"contentUrl\":\"https:\\\/\\\/secure.gravatar.com\\\/avatar\\\/a0d0bd5b0f0ca12a265a459b13169dac35f33776d8501eda5e68844a366f2f46?s=96&d=mm&r=g\",\"caption\":\"Newsdesk\"},\"url\":\"https:\\\/\\\/www.marketnewsdesk.com\\\/index.php\\\/author\\\/newsdesk\\\/\"}]}<\/script>\n<!-- \/ Yoast SEO plugin. -->","yoast_head_json":{"title":"EXFO Announces Election of Directors - Market Newsdesk","robots":{"index":"index","follow":"follow","max-snippet":"max-snippet:-1","max-image-preview":"max-image-preview:large","max-video-preview":"max-video-preview:-1"},"canonical":"https:\/\/www.marketnewsdesk.com\/index.php\/exfo-announces-election-of-directors\/","og_locale":"en_US","og_type":"article","og_title":"EXFO Announces Election of Directors - Market Newsdesk","og_description":"PR Newswire QUEBEC CITY, Jan. 14, 2021 \/PRNewswire\/ &#8211; EXFO Inc. (NASDAQ: EXFO) (TSX: EXF) announced today that the six nominees listed in the management proxy circular for the 2020 Annual Meeting of Shareholders were elected as directors of the company at a shareholder meeting held on January 13, 2021 in Quebec, Canada. Detailed results of the vote for the election of directors held at the meeting are set out below: % for % withheld Fran\u00e7ois C\u00f4t\u00e9 99.84 0.16 Germain Lamonde 99.85 0.15 Angela Logothetis 99.85 0.15 Philippe Morin 99.95 0.05 Claude S\u00e9guin 99.84 0.16 Randy E. Tornes 99.84 0.16 Final results on all matters voted at the meeting have been filed on SEDAR at www.sedar.com\u00a0in Canada and on EDGAR &hellip; Continue reading \"EXFO Announces Election of Directors\"","og_url":"https:\/\/www.marketnewsdesk.com\/index.php\/exfo-announces-election-of-directors\/","og_site_name":"Market Newsdesk","article_published_time":"2021-01-14T14:04:04+00:00","og_image":[{"url":"https:\/\/c212.net\/c\/img\/favicon.png?sn=MO48832&amp;sd=2021-01-14","type":"","width":"","height":""}],"author":"Newsdesk","twitter_card":"summary_large_image","twitter_misc":{"Written by":"Newsdesk","Est. reading time":"1 minute"},"schema":{"@context":"https:\/\/schema.org","@graph":[{"@type":"Article","@id":"https:\/\/www.marketnewsdesk.com\/index.php\/exfo-announces-election-of-directors\/#article","isPartOf":{"@id":"https:\/\/www.marketnewsdesk.com\/index.php\/exfo-announces-election-of-directors\/"},"author":{"name":"Newsdesk","@id":"https:\/\/www.marketnewsdesk.com\/#\/schema\/person\/482f27a394d4fda80ecb5499e519d979"},"headline":"EXFO Announces Election of Directors","datePublished":"2021-01-14T14:04:04+00:00","mainEntityOfPage":{"@id":"https:\/\/www.marketnewsdesk.com\/index.php\/exfo-announces-election-of-directors\/"},"wordCount":253,"image":{"@id":"https:\/\/www.marketnewsdesk.com\/index.php\/exfo-announces-election-of-directors\/#primaryimage"},"thumbnailUrl":"https:\/\/c212.net\/c\/img\/favicon.png?sn=MO48832&amp;sd=2021-01-14","inLanguage":"en-US"},{"@type":"WebPage","@id":"https:\/\/www.marketnewsdesk.com\/index.php\/exfo-announces-election-of-directors\/","url":"https:\/\/www.marketnewsdesk.com\/index.php\/exfo-announces-election-of-directors\/","name":"EXFO Announces Election of Directors - Market Newsdesk","isPartOf":{"@id":"https:\/\/www.marketnewsdesk.com\/#website"},"primaryImageOfPage":{"@id":"https:\/\/www.marketnewsdesk.com\/index.php\/exfo-announces-election-of-directors\/#primaryimage"},"image":{"@id":"https:\/\/www.marketnewsdesk.com\/index.php\/exfo-announces-election-of-directors\/#primaryimage"},"thumbnailUrl":"https:\/\/c212.net\/c\/img\/favicon.png?sn=MO48832&amp;sd=2021-01-14","datePublished":"2021-01-14T14:04:04+00:00","author":{"@id":"https:\/\/www.marketnewsdesk.com\/#\/schema\/person\/482f27a394d4fda80ecb5499e519d979"},"breadcrumb":{"@id":"https:\/\/www.marketnewsdesk.com\/index.php\/exfo-announces-election-of-directors\/#breadcrumb"},"inLanguage":"en-US","potentialAction":[{"@type":"ReadAction","target":["https:\/\/www.marketnewsdesk.com\/index.php\/exfo-announces-election-of-directors\/"]}]},{"@type":"ImageObject","inLanguage":"en-US","@id":"https:\/\/www.marketnewsdesk.com\/index.php\/exfo-announces-election-of-directors\/#primaryimage","url":"https:\/\/c212.net\/c\/img\/favicon.png?sn=MO48832&amp;sd=2021-01-14","contentUrl":"https:\/\/c212.net\/c\/img\/favicon.png?sn=MO48832&amp;sd=2021-01-14"},{"@type":"BreadcrumbList","@id":"https:\/\/www.marketnewsdesk.com\/index.php\/exfo-announces-election-of-directors\/#breadcrumb","itemListElement":[{"@type":"ListItem","position":1,"name":"Home","item":"https:\/\/www.marketnewsdesk.com\/"},{"@type":"ListItem","position":2,"name":"EXFO Announces Election of Directors"}]},{"@type":"WebSite","@id":"https:\/\/www.marketnewsdesk.com\/#website","url":"https:\/\/www.marketnewsdesk.com\/","name":"Market Newsdesk","description":"Latest Business News in Real Time","potentialAction":[{"@type":"SearchAction","target":{"@type":"EntryPoint","urlTemplate":"https:\/\/www.marketnewsdesk.com\/?s={search_term_string}"},"query-input":{"@type":"PropertyValueSpecification","valueRequired":true,"valueName":"search_term_string"}}],"inLanguage":"en-US"},{"@type":"Person","@id":"https:\/\/www.marketnewsdesk.com\/#\/schema\/person\/482f27a394d4fda80ecb5499e519d979","name":"Newsdesk","image":{"@type":"ImageObject","inLanguage":"en-US","@id":"https:\/\/secure.gravatar.com\/avatar\/a0d0bd5b0f0ca12a265a459b13169dac35f33776d8501eda5e68844a366f2f46?s=96&d=mm&r=g","url":"https:\/\/secure.gravatar.com\/avatar\/a0d0bd5b0f0ca12a265a459b13169dac35f33776d8501eda5e68844a366f2f46?s=96&d=mm&r=g","contentUrl":"https:\/\/secure.gravatar.com\/avatar\/a0d0bd5b0f0ca12a265a459b13169dac35f33776d8501eda5e68844a366f2f46?s=96&d=mm&r=g","caption":"Newsdesk"},"url":"https:\/\/www.marketnewsdesk.com\/index.php\/author\/newsdesk\/"}]}},"_links":{"self":[{"href":"https:\/\/www.marketnewsdesk.com\/index.php\/wp-json\/wp\/v2\/posts\/415004","targetHints":{"allow":["GET"]}}],"collection":[{"href":"https:\/\/www.marketnewsdesk.com\/index.php\/wp-json\/wp\/v2\/posts"}],"about":[{"href":"https:\/\/www.marketnewsdesk.com\/index.php\/wp-json\/wp\/v2\/types\/post"}],"author":[{"embeddable":true,"href":"https:\/\/www.marketnewsdesk.com\/index.php\/wp-json\/wp\/v2\/users\/2"}],"replies":[{"embeddable":true,"href":"https:\/\/www.marketnewsdesk.com\/index.php\/wp-json\/wp\/v2\/comments?post=415004"}],"version-history":[{"count":0,"href":"https:\/\/www.marketnewsdesk.com\/index.php\/wp-json\/wp\/v2\/posts\/415004\/revisions"}],"wp:attachment":[{"href":"https:\/\/www.marketnewsdesk.com\/index.php\/wp-json\/wp\/v2\/media?parent=415004"}],"wp:term":[{"taxonomy":"category","embeddable":true,"href":"https:\/\/www.marketnewsdesk.com\/index.php\/wp-json\/wp\/v2\/categories?post=415004"},{"taxonomy":"post_tag","embeddable":true,"href":"https:\/\/www.marketnewsdesk.com\/index.php\/wp-json\/wp\/v2\/tags?post=415004"}],"curies":[{"name":"wp","href":"https:\/\/api.w.org\/{rel}","templated":true}]}}